{"id":936,"date":"2022-03-21T16:14:00","date_gmt":"2022-03-21T16:14:00","guid":{"rendered":"https:\/\/altisk-mlak.edu.hu\/?p=936"},"modified":"2022-03-21T16:14:00","modified_gmt":"2022-03-21T16:14:00","slug":"farsang-a-felso-tagozaton","status":"publish","type":"post","link":"https:\/\/altisk-mlak.edu.hu\/index.php\/farsang-a-felso-tagozaton\/","title":{"rendered":"Farsang a fels\u0151 tagozaton"},"content":{"rendered":"<p align=\"justify\"><span style=\"font-family: Times New Roman, serif;\"><span style=\"font-size: medium;\">Az idei \u00e9v farsangi id\u0151szak\u00e1ban m\u00e9g \u00e9rv\u00e9nyesek voltak a Covid-j\u00e1rv\u00e1ny miatti korl\u00e1toz\u00e1sok, \u00edgy a telet oszt\u00e1lykeretben b\u00facs\u00faztatt\u00e1k iskol\u00e1nk fels\u0151 tagozatos tanul\u00f3i. A V\u00edzkereszt ut\u00e1ni napokban a gyerekek szalagokkal, lufikkal sz\u00ednes\u00edtett\u00e9k oszt\u00e1lyaikat, majd farsang utols\u00f3 napjaiban n\u00e9h\u00e1ny tanul\u00f3 jelmezben, sminkelve vett r\u00e9szt a tan\u00edt\u00e1si \u00f3r\u00e1kon, d\u00e9lut\u00e1nonk\u00e9nt pedig oszt\u00e1lyt\u00e1rsaikkal pizz\u00e1t rendeltek, filmeket n\u00e9ztek, zen\u00e9t hallgattak, t\u00e1ncoltak, t\u00e1rsasj\u00e1t\u00e9koztak. <\/span><\/span><\/p>\n<p align=\"justify\"><span style=\"font-family: Times New Roman, serif;\"><span style=\"font-size: medium;\">B\u00e1r ezeken a d\u00e9lut\u00e1nokon is j\u00f3l sz\u00f3rakoztak tanul\u00f3ink, rem\u00e9lj\u00fck, j\u00f6v\u0151re a farsangi vigass\u00e1got m\u00e1r korl\u00e1toz\u00e1sok n\u00e9lk\u00fcl, nemcsak oszt\u00e1lyk\u00f6z\u00f6ss\u00e9gen bel\u00fcl, hanem iskolaszinten, igazi k\u00f6z\u00f6ss\u00e9gi \u00e9lm\u00e9nyk\u00e9nt \u00e9lhetik meg gyermekeink!<\/span><\/span><\/p>\n<p style=\"text-align: right;\" align=\"justify\"><span style=\"font-family: times new roman, times, serif;\">Kov\u00e1cs Zsuzsanna<\/span><\/p>\n","protected":false},"excerpt":{"rendered":"<p>Az idei \u00e9v farsangi id\u0151szak\u00e1ban m\u00e9g \u00e9rv\u00e9nyesek voltak a Covid-j\u00e1rv\u00e1ny miatti korl\u00e1toz\u00e1sok, \u00edgy a telet oszt\u00e1lykeretben b\u00facs\u00faztatt\u00e1k iskol\u00e1nk fels\u0151 tagozatos tanul\u00f3i. A V\u00edzkereszt ut\u00e1ni napokban a gyerekek szalagokkal, lufikkal sz\u00ednes\u00edtett\u00e9k oszt\u00e1lyaikat, majd<a class=\"moretag\" href=\"https:\/\/altisk-mlak.edu.hu\/index.php\/farsang-a-felso-tagozaton\/\">Read More&#8230;<\/a><\/p>\n","protected":false},"author":3,"featured_media":0,"comment_status":"closed","ping_status":"closed","sticky":false,"template":"","format":"standard","meta":{"two_page_speed":[],"footnotes":""},"categories":[1],"tags":[],"class_list":["post-936","post","type-post","status-publish","format-standard","hentry","category-egyeb"],"_links":{"self":[{"href":"https:\/\/altisk-mlak.edu.hu\/index.php\/wp-json\/wp\/v2\/posts\/936","targetHints":{"allow":["GET"]}}],"collection":[{"href":"https:\/\/altisk-mlak.edu.hu\/index.php\/wp-json\/wp\/v2\/posts"}],"about":[{"href":"https:\/\/altisk-mlak.edu.hu\/index.php\/wp-json\/wp\/v2\/types\/post"}],"author":[{"embeddable":true,"href":"https:\/\/altisk-mlak.edu.hu\/index.php\/wp-json\/wp\/v2\/users\/3"}],"replies":[{"embeddable":true,"href":"https:\/\/altisk-mlak.edu.hu\/index.php\/wp-json\/wp\/v2\/comments?post=936"}],"version-history":[{"count":1,"href":"https:\/\/altisk-mlak.edu.hu\/index.php\/wp-json\/wp\/v2\/posts\/936\/revisions"}],"predecessor-version":[{"id":937,"href":"https:\/\/altisk-mlak.edu.hu\/index.php\/wp-json\/wp\/v2\/posts\/936\/revisions\/937"}],"wp:attachment":[{"href":"https:\/\/altisk-mlak.edu.hu\/index.php\/wp-json\/wp\/v2\/media?parent=936"}],"wp:term":[{"taxonomy":"category","embeddable":true,"href":"https:\/\/altisk-mlak.edu.hu\/index.php\/wp-json\/wp\/v2\/categories?post=936"},{"taxonomy":"post_tag","embeddable":true,"href":"https:\/\/altisk-mlak.edu.hu\/index.php\/wp-json\/wp\/v2\/tags?post=936"}],"curies":[{"name":"wp","href":"https:\/\/api.w.org\/{rel}","templated":true}]}}