{"id":938,"date":"2022-03-21T16:15:56","date_gmt":"2022-03-21T16:15:56","guid":{"rendered":"https:\/\/altisk-mlak.edu.hu\/?p=938"},"modified":"2022-03-21T16:41:55","modified_gmt":"2022-03-21T16:41:55","slug":"argyelus-kiralyfi-es-tunderszep-ilona-a-weores-sandor-szinhazban","status":"publish","type":"post","link":"https:\/\/altisk-mlak.edu.hu\/index.php\/argyelus-kiralyfi-es-tunderszep-ilona-a-weores-sandor-szinhazban\/","title":{"rendered":"\u00c1rgy\u00e9lus kir\u00e1lyfi \u00e9s T\u00fcnd\u00e9rsz\u00e9p Ilona a We\u00f6res S\u00e1ndor Sz\u00ednh\u00e1zban"},"content":{"rendered":"<p align=\"justify\"><img fetchpriority=\"high\" decoding=\"async\" class=\"aligncenter size-large wp-image-965\" src=\"https:\/\/altisk-mlak.edu.hu\/wp-content\/uploads\/2022\/03\/5_oszt_szinhaz-1024x768.jpg\" alt=\"\" width=\"604\" height=\"453\" srcset=\"https:\/\/altisk-mlak.edu.hu\/wp-content\/uploads\/2022\/03\/5_oszt_szinhaz-1024x768.jpg 1024w, https:\/\/altisk-mlak.edu.hu\/wp-content\/uploads\/2022\/03\/5_oszt_szinhaz-300x225.jpg 300w, https:\/\/altisk-mlak.edu.hu\/wp-content\/uploads\/2022\/03\/5_oszt_szinhaz-768x576.jpg 768w, https:\/\/altisk-mlak.edu.hu\/wp-content\/uploads\/2022\/03\/5_oszt_szinhaz-1536x1152.jpg 1536w, https:\/\/altisk-mlak.edu.hu\/wp-content\/uploads\/2022\/03\/5_oszt_szinhaz-2048x1536.jpg 2048w\" sizes=\"(max-width: 604px) 100vw, 604px\" \/><\/p>\n<p style=\"text-align: justify;\" align=\"justify\"><span style=\"font-family: Times New Roman, serif;\"><span style=\"font-size: medium;\">A L\u00e1z\u00e1r Ervin Program keret\u00e9ben m\u00e1rcius 8-\u00e1n Szombathelyre utaztak \u00f6t\u00f6dikes tanul\u00f3ink, \u00e9s a We\u00f6res S\u00e1ndor Sz\u00ednh\u00e1zban az \u00c1rgy\u00e9lus kir\u00e1lyfi \u00e9s T\u00fcnd\u00e9rsz\u00e9p Ilona c\u00edm\u0171 el\u0151ad\u00e1st tekintett\u00e9k meg. A Soltis Lajos Sz\u00ednh\u00e1z \u00e9s a K\u0151szegi V\u00e1rsz\u00ednh\u00e1z m\u0171v\u00e9szei \u00e1ltal megeleven\u00edtett t\u00f6rt\u00e9nettel a gyerekek irodalom\u00f3r\u00e1kon m\u00e1r tal\u00e1lkoztak. A j\u00f3l ismert mese el\u0151ad\u00e1sa azonban t\u00f6bb meglepet\u00e9st is tartogatott. M\u00e1r a kezdete is rendhagy\u00f3 volt. Az els\u0151 jelenetnek nem a sz\u00ednh\u00e1zterem, hanem az el\u0151t\u00e9r adott helysz\u00ednt. A sz\u00ednh\u00e1zba \u00e9rkezett, iskol\u00e1nk\u00e9nt csoportosul\u00f3, egym\u00e1ssal besz\u00e9lget\u0151 gyerekek k\u00f6z\u00e9 s\u00e9t\u00e1lt az egyik szerepl\u0151 \u00e9s minden figyelmeztet\u00e9s, csendre int\u00e9s n\u00e9lk\u00fcl ind\u00edtotta el az el\u0151ad\u00e1st. Ilyen k\u00f6r\u00fclm\u00e9nyek k\u00f6z\u00f6tt tal\u00e1lkozhattak el\u0151sz\u00f6r a sz\u00ednh\u00e1zl\u00e1togat\u00f3k a szerepl\u0151k k\u00f6z\u00fcl a kert\u00e9sszel, a kir\u00e1llyal \u00e9s a f\u0151szerepl\u0151 \u00c1rgy\u00e9lussal. N\u00e9h\u00e1ny perccel k\u00e9s\u0151bb \u00c1rgy\u00e9lus bevezette a gyerekeket a n\u00e9z\u0151t\u00e9rre, \u00e9s a sz\u00ednpadon folytat\u00f3dott az el\u0151ad\u00e1s. Eml\u00edt\u00e9sre m\u00e9lt\u00f3an egyszer\u0171, de sokc\u00e9l\u00fa volt a d\u00edszlet. J\u00f3 teret biztos\u00edtott T\u00fcnd\u00e9rorsz\u00e1g, a kir\u00e1lyi palota kertj\u00e9nek vagy az \u00f6rd\u00f6g\u00f6k osztozkod\u00e1s\u00e1nak helysz\u00edn\u00e9\u00fcl egyar\u00e1nt. A fiatal sz\u00edn\u00e9szek a n\u00e9z\u0151ket is bevont\u00e1k az el\u0151ad\u00e1sba: besz\u00e9ltett\u00e9k \u0151ket, j\u00e1tszottak vel\u00fck, a sz\u00e9ksorok k\u00f6z\u00f6tt \u00e9nekeltek. A zene \u00e9s a f\u00e9nyelemek tov\u00e1bb fokozt\u00e1k a m\u0171v\u00e9szeti \u00e9lm\u00e9nyt. Mozgalmas, l\u00e1tv\u00e1nyban \u00e9s hangz\u00e1sban sokoldal\u00fa, v\u00e1ltozatos el\u0151ad\u00e1st l\u00e1thattak \u00f6t\u00f6dik oszt\u00e1lyosaink.<\/span><\/span><\/p>\n<p style=\"text-align: right;\" align=\"justify\"><span style=\"font-family: times new roman, times, serif;\">Kov\u00e1cs Zsuzsanna<\/span><\/p>\n","protected":false},"excerpt":{"rendered":"<p>A L\u00e1z\u00e1r Ervin Program keret\u00e9ben m\u00e1rcius 8-\u00e1n Szombathelyre utaztak \u00f6t\u00f6dikes tanul\u00f3ink, \u00e9s a We\u00f6res S\u00e1ndor Sz\u00ednh\u00e1zban az \u00c1rgy\u00e9lus kir\u00e1lyfi \u00e9s T\u00fcnd\u00e9rsz\u00e9p Ilona c\u00edm\u0171 el\u0151ad\u00e1st tekintett\u00e9k meg. A Soltis Lajos Sz\u00ednh\u00e1z \u00e9s a<a class=\"moretag\" href=\"https:\/\/altisk-mlak.edu.hu\/index.php\/argyelus-kiralyfi-es-tunderszep-ilona-a-weores-sandor-szinhazban\/\">Read More&#8230;<\/a><\/p>\n","protected":false},"author":3,"featured_media":0,"comment_status":"closed","ping_status":"closed","sticky":false,"template":"","format":"standard","meta":{"two_page_speed":[],"footnotes":""},"categories":[1],"tags":[],"class_list":["post-938","post","type-post","status-publish","format-standard","hentry","category-egyeb"],"_links":{"self":[{"href":"https:\/\/altisk-mlak.edu.hu\/index.php\/wp-json\/wp\/v2\/posts\/938","targetHints":{"allow":["GET"]}}],"collection":[{"href":"https:\/\/altisk-mlak.edu.hu\/index.php\/wp-json\/wp\/v2\/posts"}],"about":[{"href":"https:\/\/altisk-mlak.edu.hu\/index.php\/wp-json\/wp\/v2\/types\/post"}],"author":[{"embeddable":true,"href":"https:\/\/altisk-mlak.edu.hu\/index.php\/wp-json\/wp\/v2\/users\/3"}],"replies":[{"embeddable":true,"href":"https:\/\/altisk-mlak.edu.hu\/index.php\/wp-json\/wp\/v2\/comments?post=938"}],"version-history":[{"count":2,"href":"https:\/\/altisk-mlak.edu.hu\/index.php\/wp-json\/wp\/v2\/posts\/938\/revisions"}],"predecessor-version":[{"id":966,"href":"https:\/\/altisk-mlak.edu.hu\/index.php\/wp-json\/wp\/v2\/posts\/938\/revisions\/966"}],"wp:attachment":[{"href":"https:\/\/altisk-mlak.edu.hu\/index.php\/wp-json\/wp\/v2\/media?parent=938"}],"wp:term":[{"taxonomy":"category","embeddable":true,"href":"https:\/\/altisk-mlak.edu.hu\/index.php\/wp-json\/wp\/v2\/categories?post=938"},{"taxonomy":"post_tag","embeddable":true,"href":"https:\/\/altisk-mlak.edu.hu\/index.php\/wp-json\/wp\/v2\/tags?post=938"}],"curies":[{"name":"wp","href":"https:\/\/api.w.org\/{rel}","templated":true}]}}