{"id":940,"date":"2022-03-21T16:17:40","date_gmt":"2022-03-21T16:17:40","guid":{"rendered":"https:\/\/altisk-mlak.edu.hu\/?p=940"},"modified":"2022-03-21T16:33:45","modified_gmt":"2022-03-21T16:33:45","slug":"babszinhazi-elmenyek","status":"publish","type":"post","link":"https:\/\/altisk-mlak.edu.hu\/index.php\/babszinhazi-elmenyek\/","title":{"rendered":"B\u00e1bsz\u00ednh\u00e1zi \u00e9lm\u00e9nyek"},"content":{"rendered":"<p align=\"justify\"><span style=\"font-family: Times New Roman, serif;\"><span style=\"font-size: medium;\">Iskol\u00e1nk 2. oszt\u00e1lyos tanul\u00f3i m\u00e1rcius 9-\u00e9n a L\u00e1z\u00e1r Ervin Program keret\u00e9ben b\u00e1bel\u0151ad\u00e1son vettek r\u00e9szt. A Mesebolt B\u00e1bsz\u00ednh\u00e1z kitelep\u00fclt a tagint\u00e9zm\u00e9nybe, \u00e9s az oszt\u00e1lyteremben adt\u00e1k el\u0151 \u201eA Kir\u00e1lyok K\u00f6nyve sorozat &#8211; T\u00f6rt\u00e9netek Szent L\u00e1szl\u00f3r\u00f3l\u201d c\u00edm\u0171 el\u0151ad\u00e1st. A b\u00e1bj\u00e1t\u00e9k k\u00f6z\u00e9ppontj\u00e1ban csod\u00e1s, hithez kapcsol\u00f3d\u00f3 legend\u00e1k \u00e1lltak. Hallhattak a gyerekek &#8211; mes\u00e9be \u00e1gyazva &#8211; I. L\u00e1szl\u00f3 szentt\u00e9 avat\u00e1s\u00e1r\u00f3l, csat\u00e1ir\u00f3l \u00e9s a kir\u00e1ly nyughely\u00e9r\u0151l is. A gyermekek fesz\u00fclt figyelemmel n\u00e9zt\u00e9k \u00e9s hallgatt\u00e1k a &#8222;mes\u00e9t&#8221;. Ezt k\u00f6vet\u0151en r\u00f6vid k\u00e9zm\u0171ves foglalkoz\u00e1son <\/span><\/span><span style=\"font-family: Times New Roman, serif;\"><span style=\"font-size: medium;\">az egyik kir\u00e1lyi jelk\u00e9pet, az orsz\u00e1galm\u00e1t is elk\u00e9sz\u00edtett\u00e9k. Rem\u00e9lj\u00fck, kellemes \u00e9lm\u00e9nyekkel t\u00e9rtek haza!<\/span><\/span><\/p>\n<p style=\"text-align: right;\"><span style=\"font-family: Times New Roman, serif;\"><span style=\"font-size: medium;\">Tarj\u00e1nyi L\u00e1szl\u00f3n\u00e9<\/span><\/span><\/p>\n\n\n<p><img fetchpriority=\"high\" decoding=\"async\" class=\"aligncenter size-full wp-image-955\" src=\"https:\/\/altisk-mlak.edu.hu\/wp-content\/uploads\/2022\/03\/Babszinhaz_foto.jpg\" alt=\"\" width=\"720\" height=\"960\" srcset=\"https:\/\/altisk-mlak.edu.hu\/wp-content\/uploads\/2022\/03\/Babszinhaz_foto.jpg 720w, https:\/\/altisk-mlak.edu.hu\/wp-content\/uploads\/2022\/03\/Babszinhaz_foto-225x300.jpg 225w\" sizes=\"(max-width: 720px) 100vw, 720px\" \/><\/p>\n","protected":false},"excerpt":{"rendered":"<p>Iskol\u00e1nk 2. oszt\u00e1lyos tanul\u00f3i m\u00e1rcius 9-\u00e9n a L\u00e1z\u00e1r Ervin Program keret\u00e9ben b\u00e1bel\u0151ad\u00e1son vettek r\u00e9szt. A Mesebolt B\u00e1bsz\u00ednh\u00e1z kitelep\u00fclt a tagint\u00e9zm\u00e9nybe, \u00e9s az oszt\u00e1lyteremben adt\u00e1k el\u0151 \u201eA Kir\u00e1lyok K\u00f6nyve sorozat &#8211; T\u00f6rt\u00e9netek Szent<a class=\"moretag\" href=\"https:\/\/altisk-mlak.edu.hu\/index.php\/babszinhazi-elmenyek\/\">Read More&#8230;<\/a><\/p>\n","protected":false},"author":3,"featured_media":0,"comment_status":"closed","ping_status":"closed","sticky":false,"template":"","format":"standard","meta":{"two_page_speed":[],"footnotes":""},"categories":[1],"tags":[],"class_list":["post-940","post","type-post","status-publish","format-standard","hentry","category-egyeb"],"_links":{"self":[{"href":"https:\/\/altisk-mlak.edu.hu\/index.php\/wp-json\/wp\/v2\/posts\/940","targetHints":{"allow":["GET"]}}],"collection":[{"href":"https:\/\/altisk-mlak.edu.hu\/index.php\/wp-json\/wp\/v2\/posts"}],"about":[{"href":"https:\/\/altisk-mlak.edu.hu\/index.php\/wp-json\/wp\/v2\/types\/post"}],"author":[{"embeddable":true,"href":"https:\/\/altisk-mlak.edu.hu\/index.php\/wp-json\/wp\/v2\/users\/3"}],"replies":[{"embeddable":true,"href":"https:\/\/altisk-mlak.edu.hu\/index.php\/wp-json\/wp\/v2\/comments?post=940"}],"version-history":[{"count":3,"href":"https:\/\/altisk-mlak.edu.hu\/index.php\/wp-json\/wp\/v2\/posts\/940\/revisions"}],"predecessor-version":[{"id":958,"href":"https:\/\/altisk-mlak.edu.hu\/index.php\/wp-json\/wp\/v2\/posts\/940\/revisions\/958"}],"wp:attachment":[{"href":"https:\/\/altisk-mlak.edu.hu\/index.php\/wp-json\/wp\/v2\/media?parent=940"}],"wp:term":[{"taxonomy":"category","embeddable":true,"href":"https:\/\/altisk-mlak.edu.hu\/index.php\/wp-json\/wp\/v2\/categories?post=940"},{"taxonomy":"post_tag","embeddable":true,"href":"https:\/\/altisk-mlak.edu.hu\/index.php\/wp-json\/wp\/v2\/tags?post=940"}],"curies":[{"name":"wp","href":"https:\/\/api.w.org\/{rel}","templated":true}]}}