{"id":942,"date":"2022-03-21T16:21:15","date_gmt":"2022-03-21T16:21:15","guid":{"rendered":"https:\/\/altisk-mlak.edu.hu\/?p=942"},"modified":"2022-03-21T16:40:30","modified_gmt":"2022-03-21T16:40:30","slug":"vallalkozoi-es-penzugyi-temahet","status":"publish","type":"post","link":"https:\/\/altisk-mlak.edu.hu\/index.php\/vallalkozoi-es-penzugyi-temahet\/","title":{"rendered":"V\u00e1llalkoz\u00f3i \u00e9s p\u00e9nz\u00fcgyi t\u00e9mah\u00e9t"},"content":{"rendered":"<p><img fetchpriority=\"high\" decoding=\"async\" class=\"aligncenter size-large wp-image-962\" src=\"https:\/\/altisk-mlak.edu.hu\/wp-content\/uploads\/2022\/03\/Penz7_6-1024x768.jpg\" alt=\"\" width=\"604\" height=\"453\" srcset=\"https:\/\/altisk-mlak.edu.hu\/wp-content\/uploads\/2022\/03\/Penz7_6-1024x768.jpg 1024w, https:\/\/altisk-mlak.edu.hu\/wp-content\/uploads\/2022\/03\/Penz7_6-300x225.jpg 300w, https:\/\/altisk-mlak.edu.hu\/wp-content\/uploads\/2022\/03\/Penz7_6-768x576.jpg 768w, https:\/\/altisk-mlak.edu.hu\/wp-content\/uploads\/2022\/03\/Penz7_6-1536x1152.jpg 1536w, https:\/\/altisk-mlak.edu.hu\/wp-content\/uploads\/2022\/03\/Penz7_6-2048x1536.jpg 2048w\" sizes=\"(max-width: 604px) 100vw, 604px\" \/><\/p>\n<p style=\"text-align: justify;\">Az Emberi Er\u0151forr\u00e1sok Miniszt\u00e9riuma a 2021\/2022. tan\u00e9v rendj\u00e9r\u0151l sz\u00f3l\u00f3 rendelet\u00e9ben az al\u00e1bbi id\u0151pontokban h\u00e1rom t\u00e9mahetet hirdetett meg:<\/p>\n<ul style=\"text-align: justify;\">\n<li>a p\u00e9nz\u00fcgyi \u00e9s v\u00e1llalkoz\u00f3i t\u00e9mahetet, vagyis a P\u00e9nz7 programot 2022. m\u00e1rcius 7. \u00e9s<br \/>m\u00e1rcius 11. k\u00f6z\u00f6tt,<\/li>\n<li>a Fenntarthat\u00f3s\u00e1gi T\u00e9mahetet 2022. \u00e1prilis 25. \u00e9s 29. k\u00f6z\u00f6tt,<\/li>\n<li>valamint a Digit\u00e1lis T\u00e9mahetet 2022. \u00e1prilis 4. \u00e9s 8. k\u00f6z\u00f6tt.<\/li>\n<\/ul>\n<p style=\"text-align: justify;\">Ebben a tan\u00e9vben is k\u00e9t t\u00e9mah\u00e9t, a P\u00e9nz7 \u00e9s a Fenntarthat\u00f3s\u00e1gi t\u00e9mah\u00e9t programsorozat\u00e1ba kapcsol\u00f3dik be iskol\u00e1nk.<\/p>\n<p style=\"text-align: justify;\"><img decoding=\"async\" class=\"aligncenter size-large wp-image-963\" src=\"https:\/\/altisk-mlak.edu.hu\/wp-content\/uploads\/2022\/03\/Penz7_7-1024x768.jpg\" alt=\"\" width=\"604\" height=\"453\" srcset=\"https:\/\/altisk-mlak.edu.hu\/wp-content\/uploads\/2022\/03\/Penz7_7-1024x768.jpg 1024w, https:\/\/altisk-mlak.edu.hu\/wp-content\/uploads\/2022\/03\/Penz7_7-300x225.jpg 300w, https:\/\/altisk-mlak.edu.hu\/wp-content\/uploads\/2022\/03\/Penz7_7-768x576.jpg 768w, https:\/\/altisk-mlak.edu.hu\/wp-content\/uploads\/2022\/03\/Penz7_7-1536x1152.jpg 1536w, https:\/\/altisk-mlak.edu.hu\/wp-content\/uploads\/2022\/03\/Penz7_7-2048x1536.jpg 2048w\" sizes=\"(max-width: 604px) 100vw, 604px\" \/><br \/>A P\u00e9nz7 keret\u00e9ben matematika \u00e9s oszt\u00e1lyf\u0151n\u00f6ki \u00f3r\u00e1kon ismerkedtek tanul\u00f3ink a \u201eTakar\u00e9koskodni j\u00f3\u201d, illetve a \u201eP\u00e9nz\u00fcgyi tervez\u00e9s &#8211; J\u00e1tszunk bankot!\u201d t\u00e9m\u00e1kkal. M\u00e1rcius 11-\u00e9n \u00f6nk\u00e9ntes banki seg\u00edt\u0151t l\u00e1tott vend\u00e9g\u00fcl kis k\u00f6z\u00f6ss\u00e9g\u00fcnk. Az \u0150riszentp\u00e9teren sz\u00fcletett \u00c1brah\u00e1m Andr\u00e1s Budapestr\u0151l \u00e9rkezett hozz\u00e1nk. A t\u00e9mah\u00e9t tan\u00f3r\u00e1in a modern bankkal ismertette meg a hatodikos \u00e9s hetedikes tanul\u00f3inkat. Bemutatta, hogy id\u0151t megtakar\u00edtva, sorban \u00e1ll\u00e1s n\u00e9lk\u00fcl, otthonunk k\u00e9nyelm\u00e9ben, mobiltelefon seg\u00edts\u00e9g\u00e9vel is int\u00e9zhetj\u00fck p\u00e9nz\u00fcgyeinket. A vend\u00e9g\u00fcnk az \u00faj ismeretek mell\u00e9 h\u00e1tizs\u00e1kot, tollat \u00e9s \u00e9dess\u00e9get is hozott fels\u0151s tanul\u00f3inknak. Ez\u00faton is k\u00f6sz\u00f6nj\u00fck a tan\u00f3r\u00e1kat sz\u00ednes\u00edt\u0151 el\u0151ad\u00e1s\u00e1t \u00e9s az aj\u00e1nd\u00e9kokat.<\/p>\n<p style=\"text-align: right;\">Kov\u00e1cs Zsuzsanna<\/p>\n<p>\u00a0<\/p>\n\n","protected":false},"excerpt":{"rendered":"<p>Az Emberi Er\u0151forr\u00e1sok Miniszt\u00e9riuma a 2021\/2022. tan\u00e9v rendj\u00e9r\u0151l sz\u00f3l\u00f3 rendelet\u00e9ben az al\u00e1bbi id\u0151pontokban h\u00e1rom t\u00e9mahetet hirdetett meg: a p\u00e9nz\u00fcgyi \u00e9s v\u00e1llalkoz\u00f3i t\u00e9mahetet, vagyis a P\u00e9nz7 programot 2022. m\u00e1rcius 7. \u00e9sm\u00e1rcius 11. k\u00f6z\u00f6tt,<a class=\"moretag\" href=\"https:\/\/altisk-mlak.edu.hu\/index.php\/vallalkozoi-es-penzugyi-temahet\/\">Read More&#8230;<\/a><\/p>\n","protected":false},"author":3,"featured_media":0,"comment_status":"closed","ping_status":"closed","sticky":false,"template":"","format":"standard","meta":{"two_page_speed":[],"footnotes":""},"categories":[1],"tags":[],"class_list":["post-942","post","type-post","status-publish","format-standard","hentry","category-egyeb"],"_links":{"self":[{"href":"https:\/\/altisk-mlak.edu.hu\/index.php\/wp-json\/wp\/v2\/posts\/942","targetHints":{"allow":["GET"]}}],"collection":[{"href":"https:\/\/altisk-mlak.edu.hu\/index.php\/wp-json\/wp\/v2\/posts"}],"about":[{"href":"https:\/\/altisk-mlak.edu.hu\/index.php\/wp-json\/wp\/v2\/types\/post"}],"author":[{"embeddable":true,"href":"https:\/\/altisk-mlak.edu.hu\/index.php\/wp-json\/wp\/v2\/users\/3"}],"replies":[{"embeddable":true,"href":"https:\/\/altisk-mlak.edu.hu\/index.php\/wp-json\/wp\/v2\/comments?post=942"}],"version-history":[{"count":3,"href":"https:\/\/altisk-mlak.edu.hu\/index.php\/wp-json\/wp\/v2\/posts\/942\/revisions"}],"predecessor-version":[{"id":964,"href":"https:\/\/altisk-mlak.edu.hu\/index.php\/wp-json\/wp\/v2\/posts\/942\/revisions\/964"}],"wp:attachment":[{"href":"https:\/\/altisk-mlak.edu.hu\/index.php\/wp-json\/wp\/v2\/media?parent=942"}],"wp:term":[{"taxonomy":"category","embeddable":true,"href":"https:\/\/altisk-mlak.edu.hu\/index.php\/wp-json\/wp\/v2\/categories?post=942"},{"taxonomy":"post_tag","embeddable":true,"href":"https:\/\/altisk-mlak.edu.hu\/index.php\/wp-json\/wp\/v2\/tags?post=942"}],"curies":[{"name":"wp","href":"https:\/\/api.w.org\/{rel}","templated":true}]}}