{"id":945,"date":"2022-03-21T16:24:06","date_gmt":"2022-03-21T16:24:06","guid":{"rendered":"https:\/\/altisk-mlak.edu.hu\/?p=945"},"modified":"2022-03-21T16:35:14","modified_gmt":"2022-03-21T16:35:14","slug":"marcius-15-i-megemlekezes","status":"publish","type":"post","link":"https:\/\/altisk-mlak.edu.hu\/index.php\/marcius-15-i-megemlekezes\/","title":{"rendered":"M\u00e1rcius 15-i megeml\u00e9kez\u00e9s"},"content":{"rendered":"<p><img fetchpriority=\"high\" decoding=\"async\" class=\"aligncenter size-full wp-image-959\" src=\"https:\/\/altisk-mlak.edu.hu\/wp-content\/uploads\/2022\/03\/Marcius_15.jpg\" alt=\"\" width=\"960\" height=\"720\" srcset=\"https:\/\/altisk-mlak.edu.hu\/wp-content\/uploads\/2022\/03\/Marcius_15.jpg 960w, https:\/\/altisk-mlak.edu.hu\/wp-content\/uploads\/2022\/03\/Marcius_15-300x225.jpg 300w, https:\/\/altisk-mlak.edu.hu\/wp-content\/uploads\/2022\/03\/Marcius_15-768x576.jpg 768w\" sizes=\"(max-width: 960px) 100vw, 960px\" \/><\/p>\n<p style=\"text-align: justify;\"><span style=\"font-family: times new roman, times, serif;\">Az idei \u00e9vben el\u0151vigy\u00e1zatoss\u00e1gb\u00f3l szer\u00e9nyebb m\u00f3don, de m\u00e9lt\u00f3k\u00e9ppen eml\u00e9kezt\u00fcnk meg az 1848-49-es forradalom \u00e9s szabads\u00e1gharc esem\u00e9nyeir\u0151l \u00e9s v\u00edvm\u00e1nyair\u00f3l. A megeml\u00e9kez\u00e9s a Himnusz el\u00e9nekl\u00e9s\u00e9vel vette kezdet\u00e9t, majd a 2. oszt\u00e1lyos tanul\u00f3k verssel m\u00e9ltatt\u00e1k a magyar lobog\u00f3t. Ezt k\u00f6vet\u0151en a Nemzeti dalt egy\u00fctt szavalta el az iskolak\u00f6z\u00f6ss\u00e9g. A k\u00f6z\u00f6s szaval\u00e1st az \u00e9nekkar \u00fcnnepi m\u0171sora k\u00f6vette, melyben a \u201eSzabads\u00e1g, szerelem\u201d \u00e9s a \u201eA k\u00f6lt\u0151 visszat\u00e9r\u201d c. dalok is felcsend\u00fcltek. A megeml\u00e9kez\u00e9s v\u00e9g\u00e9n k\u00f6z\u00f6s ima hangzott el a szomsz\u00e9dban zajl\u00f3 \u00e9rtelmetlen harcok megsz\u0171n\u00e9s\u00e9\u00e9rt \u00e9s az\u00e9rt, hogy \u00fajra b\u00e9ke \u00e9s szeretet honoljon a vil\u00e1gban.<\/span><\/p>\n<p style=\"text-align: right;\"><span style=\"font-family: times new roman, times, serif;\">Mezein\u00e9 Kiss Katalin<\/span><\/p>\n","protected":false},"excerpt":{"rendered":"<p>Az idei \u00e9vben el\u0151vigy\u00e1zatoss\u00e1gb\u00f3l szer\u00e9nyebb m\u00f3don, de m\u00e9lt\u00f3k\u00e9ppen eml\u00e9kezt\u00fcnk meg az 1848-49-es forradalom \u00e9s szabads\u00e1gharc esem\u00e9nyeir\u0151l \u00e9s v\u00edvm\u00e1nyair\u00f3l. A megeml\u00e9kez\u00e9s a Himnusz el\u00e9nekl\u00e9s\u00e9vel vette kezdet\u00e9t, majd a 2. oszt\u00e1lyos tanul\u00f3k verssel m\u00e9ltatt\u00e1k<a class=\"moretag\" href=\"https:\/\/altisk-mlak.edu.hu\/index.php\/marcius-15-i-megemlekezes\/\">Read More&#8230;<\/a><\/p>\n","protected":false},"author":3,"featured_media":0,"comment_status":"closed","ping_status":"closed","sticky":false,"template":"","format":"standard","meta":{"two_page_speed":[],"footnotes":""},"categories":[1],"tags":[],"class_list":["post-945","post","type-post","status-publish","format-standard","hentry","category-egyeb"],"_links":{"self":[{"href":"https:\/\/altisk-mlak.edu.hu\/index.php\/wp-json\/wp\/v2\/posts\/945","targetHints":{"allow":["GET"]}}],"collection":[{"href":"https:\/\/altisk-mlak.edu.hu\/index.php\/wp-json\/wp\/v2\/posts"}],"about":[{"href":"https:\/\/altisk-mlak.edu.hu\/index.php\/wp-json\/wp\/v2\/types\/post"}],"author":[{"embeddable":true,"href":"https:\/\/altisk-mlak.edu.hu\/index.php\/wp-json\/wp\/v2\/users\/3"}],"replies":[{"embeddable":true,"href":"https:\/\/altisk-mlak.edu.hu\/index.php\/wp-json\/wp\/v2\/comments?post=945"}],"version-history":[{"count":2,"href":"https:\/\/altisk-mlak.edu.hu\/index.php\/wp-json\/wp\/v2\/posts\/945\/revisions"}],"predecessor-version":[{"id":960,"href":"https:\/\/altisk-mlak.edu.hu\/index.php\/wp-json\/wp\/v2\/posts\/945\/revisions\/960"}],"wp:attachment":[{"href":"https:\/\/altisk-mlak.edu.hu\/index.php\/wp-json\/wp\/v2\/media?parent=945"}],"wp:term":[{"taxonomy":"category","embeddable":true,"href":"https:\/\/altisk-mlak.edu.hu\/index.php\/wp-json\/wp\/v2\/categories?post=945"},{"taxonomy":"post_tag","embeddable":true,"href":"https:\/\/altisk-mlak.edu.hu\/index.php\/wp-json\/wp\/v2\/tags?post=945"}],"curies":[{"name":"wp","href":"https:\/\/api.w.org\/{rel}","templated":true}]}}