{"id":991,"date":"2022-04-11T06:47:53","date_gmt":"2022-04-11T06:47:53","guid":{"rendered":"https:\/\/altisk-mlak.edu.hu\/?p=991"},"modified":"2022-04-11T06:47:53","modified_gmt":"2022-04-11T06:47:53","slug":"a-viz-vilagnapjan","status":"publish","type":"post","link":"https:\/\/altisk-mlak.edu.hu\/index.php\/a-viz-vilagnapjan\/","title":{"rendered":"A v\u00edz vil\u00e1gnapj\u00e1n"},"content":{"rendered":"<p align=\"justify\"><a name=\"_GoBack\"><\/a><img fetchpriority=\"high\" decoding=\"async\" class=\"alignright size-full wp-image-992\" src=\"https:\/\/altisk-mlak.edu.hu\/wp-content\/uploads\/2022\/04\/Viz_vilagnapja.jpg\" alt=\"\" width=\"304\" height=\"166\" srcset=\"https:\/\/altisk-mlak.edu.hu\/wp-content\/uploads\/2022\/04\/Viz_vilagnapja.jpg 304w, https:\/\/altisk-mlak.edu.hu\/wp-content\/uploads\/2022\/04\/Viz_vilagnapja-300x164.jpg 300w\" sizes=\"(max-width: 304px) 100vw, 304px\" \/> Iskol\u00e1nk \u00d6r\u00f6k\u00f6s \u00d6koiskola l\u00e9v\u00e9n nagy figyelmet szentel a k\u00f6rnyezetv\u00e9delmi jeles napoknak. A v\u00edz vil\u00e1gnapj\u00e1nak meg\u00fcnnepl\u00e9se \u00e9vek \u00f3ta szerepel munkaterv\u00fcnkben. Az id\u00e9n nem iskolai, hanem oszt\u00e1lyk\u00f6z\u00f6ss\u00e9gi szinten foglalkoztunk a t\u00e9m\u00e1val. M\u00e1rcius 22-\u00e9n minden egyes tan\u00f3r\u00e1n el\u0151ker\u00fclt a v\u00edz mint kincs (\u00e9let, eg\u00e9szs\u00e9g, \u00e9lelem, szabadid\u0151, energia\u2026). A tan\u00edt\u00f3n\u0151k prezent\u00e1ci\u00f3, videofilm, digit\u00e1lis j\u00e1t\u00e9kok (kv\u00edz, keresztrejtv\u00e9ny) \u00e9s k\u00e9zm\u0171ves foglalkoz\u00e1s \u00e1ltal ir\u00e1ny\u00edtott\u00e1k r\u00e1 az als\u00f3s gyermekek figyelm\u00e9t a v\u00edz fontoss\u00e1g\u00e1ra. A fels\u0151 tagozatos di\u00e1kok is v\u00e1ltozatos feladv\u00e1nyokat oldottak meg e napon tan\u00e1raik j\u00f3volt\u00e1b\u00f3l: k\u00fcl\u00f6nbs\u00e9gkeres\u00e9s k\u00e9t akv\u00e1riumot \u00e1br\u00e1zol\u00f3 rajz k\u00f6z\u00f6tt; h\u00e1z, fa \u00e9s domboldal v\u00edzben t\u00fckr\u00f6z\u0151d\u0151 k\u00e9p\u00e9nek szerkeszt\u00e9se; figyelemfejleszt\u0151 feladatok (keresztrejtv\u00e9ny, tippel\u00e9s, mem\u00f3riaj\u00e1t\u00e9k stb.) a Genially online platformon; vizes sz\u00f6veg\u00e9rt\u00e9si feladatok magyar \u00e9s n\u00e9met nyelven; vet\u00e9lked\u0151 (tot\u00f3, igaz v. hamis, p\u00e1ros\u00edt\u00e1s). A legnagyobb \u00e9rdekl\u0151d\u00e9s Kov\u00e1cs Attila tan\u00e1r \u00far k\u00eds\u00e9rleteit \u00f6vezte. A koll\u00e9ga l\u00e1tv\u00e1nyos m\u00f3don (pap\u00edrral, g\u00e9zzel, p\u00e9nz\u00e9rm\u00e9vel) mutatta be tan\u00edtv\u00e1nyainak a v\u00edz fel\u00fcleti fesz\u00fclts\u00e9g\u00e9t \u00e9s l\u00e9g\u00fcres t\u00e9rben is vizsg\u00e1l\u00f3dott a v\u00edzzel.<\/p>\n<p align=\"justify\">A tanul\u00f3k a vil\u00e1gnapon sok \u00faj, hasznos ismeretet szereztek, \u00e9s a m\u00e1r tanultakat is gyakorolhatt\u00e1k \u00e9s alkalmazhatt\u00e1k.<\/p>\n","protected":false},"excerpt":{"rendered":"<p>Iskol\u00e1nk \u00d6r\u00f6k\u00f6s \u00d6koiskola l\u00e9v\u00e9n nagy figyelmet szentel a k\u00f6rnyezetv\u00e9delmi jeles napoknak. A v\u00edz vil\u00e1gnapj\u00e1nak meg\u00fcnnepl\u00e9se \u00e9vek \u00f3ta szerepel munkaterv\u00fcnkben. Az id\u00e9n nem iskolai, hanem oszt\u00e1lyk\u00f6z\u00f6ss\u00e9gi szinten foglalkoztunk a t\u00e9m\u00e1val. M\u00e1rcius 22-\u00e9n minden<a class=\"moretag\" href=\"https:\/\/altisk-mlak.edu.hu\/index.php\/a-viz-vilagnapjan\/\">Read More&#8230;<\/a><\/p>\n","protected":false},"author":3,"featured_media":0,"comment_status":"closed","ping_status":"closed","sticky":false,"template":"","format":"standard","meta":{"two_page_speed":[],"footnotes":""},"categories":[1],"tags":[],"class_list":["post-991","post","type-post","status-publish","format-standard","hentry","category-egyeb"],"_links":{"self":[{"href":"https:\/\/altisk-mlak.edu.hu\/index.php\/wp-json\/wp\/v2\/posts\/991","targetHints":{"allow":["GET"]}}],"collection":[{"href":"https:\/\/altisk-mlak.edu.hu\/index.php\/wp-json\/wp\/v2\/posts"}],"about":[{"href":"https:\/\/altisk-mlak.edu.hu\/index.php\/wp-json\/wp\/v2\/types\/post"}],"author":[{"embeddable":true,"href":"https:\/\/altisk-mlak.edu.hu\/index.php\/wp-json\/wp\/v2\/users\/3"}],"replies":[{"embeddable":true,"href":"https:\/\/altisk-mlak.edu.hu\/index.php\/wp-json\/wp\/v2\/comments?post=991"}],"version-history":[{"count":1,"href":"https:\/\/altisk-mlak.edu.hu\/index.php\/wp-json\/wp\/v2\/posts\/991\/revisions"}],"predecessor-version":[{"id":993,"href":"https:\/\/altisk-mlak.edu.hu\/index.php\/wp-json\/wp\/v2\/posts\/991\/revisions\/993"}],"wp:attachment":[{"href":"https:\/\/altisk-mlak.edu.hu\/index.php\/wp-json\/wp\/v2\/media?parent=991"}],"wp:term":[{"taxonomy":"category","embeddable":true,"href":"https:\/\/altisk-mlak.edu.hu\/index.php\/wp-json\/wp\/v2\/categories?post=991"},{"taxonomy":"post_tag","embeddable":true,"href":"https:\/\/altisk-mlak.edu.hu\/index.php\/wp-json\/wp\/v2\/tags?post=991"}],"curies":[{"name":"wp","href":"https:\/\/api.w.org\/{rel}","templated":true}]}}