{"id":994,"date":"2022-04-11T06:54:22","date_gmt":"2022-04-11T06:54:22","guid":{"rendered":"https:\/\/altisk-mlak.edu.hu\/?p=994"},"modified":"2022-04-11T06:54:53","modified_gmt":"2022-04-11T06:54:53","slug":"hittanora-a-viz-vilagnapjan","status":"publish","type":"post","link":"https:\/\/altisk-mlak.edu.hu\/index.php\/hittanora-a-viz-vilagnapjan\/","title":{"rendered":"Hittan\u00f3ra a v\u00edz vil\u00e1gnapj\u00e1n"},"content":{"rendered":"<p align=\"justify\">A v\u00edz alapvet\u0151 szimb\u00f3lum a Bibli\u00e1ban. Egyr\u00e9szt pozit\u00edv jelk\u00e9p, mint az \u00e9let forr\u00e1sa, amely minden \u00e9l\u0151nek \u00e9letet ad; m\u00e1sr\u00e9szt Isten \u00edt\u00e9let\u00e9t v\u00e9grehajt\u00f3 puszt\u00edt\u00f3 elem, amelynek az ember nem tud ellen\u00e1llni. A hittan\u00f3r\u00e1kon a v\u00edzzel kapcsolatos bibliai t\u00f6rt\u00e9netek k\u00f6z\u00fcl kett\u0151vel foglalkoztunk:<\/p>\n<ul>\n<li>Az \u00f3sz\u00f6vets\u00e9gi v\u00edz\u00f6z\u00f6n t\u00f6rt\u00e9net\u00e9ben a b\u0171n elhatalmasod\u00e1sa miatt Isten elpuszt\u00edtja a gonoszokat, de az igaz No\u00e9t \u00e9s csal\u00e1dj\u00e1t a b\u00e1rk\u00e1ban megmenti.<\/li>\n<li>Az \u00dajsz\u00f6vets\u00e9gben olvasunk Keresztel\u0151 Szent J\u00e1nos m\u0171k\u00f6d\u00e9s\u00e9r\u0151l, aki a b\u0171nb\u00e1nat kereszts\u00e9g\u00e9ben r\u00e9szes\u00edti a megt\u00e9r\u00e9sre v\u00e1gy\u00f3 embereket. A sivatagi forr\u00f3s\u00e1gban utaz\u00f3kat al\u00e1mer\u00edti a Jord\u00e1n foly\u00f3 viz\u00e9ben, akik \u00edgy fizikailag is megtapasztalhatj\u00e1k, hogy a tiszta, friss v\u00edz fel\u00fcd\u00edti a test\u00fcket. Keresztel\u0151 Szent J\u00e1nos ezzel azt szeml\u00e9lteti, hogy a b\u0171nb\u00e1nat megtiszt\u00edtja lelk\u00fcket a b\u0171nt\u0151l, felfriss\u00edti, \u00faj \u00e9leter\u0151t ad.<\/li>\n<\/ul>\n<p align=\"justify\"><img fetchpriority=\"high\" decoding=\"async\" class=\"aligncenter wp-image-995 size-full\" src=\"https:\/\/altisk-mlak.edu.hu\/wp-content\/uploads\/2022\/04\/viz_vilagnapja_hittanora.jpg\" alt=\"\" width=\"194\" height=\"259\" \/><\/p>\n<p align=\"justify\">Ezut\u00e1n a kereszts\u00e9g szents\u00e9g\u00e9r\u0151l besz\u00e9lt\u00fcnk. A kereszts\u00e9gben a v\u00edzzel val\u00f3 le\u00f6nt\u00e9s m\u00e1r nem csak szeml\u00e9lteti a lelki megtisztul\u00e1st, hanem val\u00f3s\u00e1gosan jelzi azt: amikor a v\u00edzcseppek v\u00e9gigfolynak a megkeresztelend\u0151 homlok\u00e1n, Isten val\u00f3s\u00e1gosan megtiszt\u00edtja a lelket az \u00e1tered\u0151 b\u0171n piszk\u00e1t\u00f3l, \u00e9s Isten gyermek\u00e9v\u00e9 tesz.<\/p>\n<p align=\"justify\">Legv\u00e9g\u00fcl pedig az iskola bej\u00e1rati ajtaja mellett elhelyezt\u00fck a szenteltv\u00edztart\u00f3t. Amikor bel\u00e9p\u00fcnk az iskola \u00e9p\u00fclet\u00e9be, \u00e9s ujjunkat a szenteltv\u00edzbe m\u00e1rtva keresztet vet\u00fcnk magunkra, a v\u00edz frissess\u00e9ge mindig eml\u00e9keztessen kereszts\u00e9g\u00fcnkre, Isten-gyermeki m\u00e9lt\u00f3s\u00e1gunkra!<\/p>\n<p style=\"text-align: right;\" align=\"justify\">\u00c1gnes n\u0151v\u00e9r<\/p>\n","protected":false},"excerpt":{"rendered":"<p>A v\u00edz alapvet\u0151 szimb\u00f3lum a Bibli\u00e1ban. Egyr\u00e9szt pozit\u00edv jelk\u00e9p, mint az \u00e9let forr\u00e1sa, amely minden \u00e9l\u0151nek \u00e9letet ad; m\u00e1sr\u00e9szt Isten \u00edt\u00e9let\u00e9t v\u00e9grehajt\u00f3 puszt\u00edt\u00f3 elem, amelynek az ember nem tud ellen\u00e1llni. A hittan\u00f3r\u00e1kon<a class=\"moretag\" href=\"https:\/\/altisk-mlak.edu.hu\/index.php\/hittanora-a-viz-vilagnapjan\/\">Read More&#8230;<\/a><\/p>\n","protected":false},"author":3,"featured_media":0,"comment_status":"closed","ping_status":"closed","sticky":false,"template":"","format":"standard","meta":{"two_page_speed":[],"footnotes":""},"categories":[1],"tags":[],"class_list":["post-994","post","type-post","status-publish","format-standard","hentry","category-egyeb"],"_links":{"self":[{"href":"https:\/\/altisk-mlak.edu.hu\/index.php\/wp-json\/wp\/v2\/posts\/994","targetHints":{"allow":["GET"]}}],"collection":[{"href":"https:\/\/altisk-mlak.edu.hu\/index.php\/wp-json\/wp\/v2\/posts"}],"about":[{"href":"https:\/\/altisk-mlak.edu.hu\/index.php\/wp-json\/wp\/v2\/types\/post"}],"author":[{"embeddable":true,"href":"https:\/\/altisk-mlak.edu.hu\/index.php\/wp-json\/wp\/v2\/users\/3"}],"replies":[{"embeddable":true,"href":"https:\/\/altisk-mlak.edu.hu\/index.php\/wp-json\/wp\/v2\/comments?post=994"}],"version-history":[{"count":2,"href":"https:\/\/altisk-mlak.edu.hu\/index.php\/wp-json\/wp\/v2\/posts\/994\/revisions"}],"predecessor-version":[{"id":997,"href":"https:\/\/altisk-mlak.edu.hu\/index.php\/wp-json\/wp\/v2\/posts\/994\/revisions\/997"}],"wp:attachment":[{"href":"https:\/\/altisk-mlak.edu.hu\/index.php\/wp-json\/wp\/v2\/media?parent=994"}],"wp:term":[{"taxonomy":"category","embeddable":true,"href":"https:\/\/altisk-mlak.edu.hu\/index.php\/wp-json\/wp\/v2\/categories?post=994"},{"taxonomy":"post_tag","embeddable":true,"href":"https:\/\/altisk-mlak.edu.hu\/index.php\/wp-json\/wp\/v2\/tags?post=994"}],"curies":[{"name":"wp","href":"https:\/\/api.w.org\/{rel}","templated":true}]}}